{"id":37293,"date":"2025-12-05T12:50:53","date_gmt":"2025-12-05T11:50:53","guid":{"rendered":"https:\/\/lightflow.info\/life-in-the-5th-dimension\/"},"modified":"2026-02-04T18:04:18","modified_gmt":"2026-02-04T17:04:18","slug":"das-leben-in-der-5-dimension","status":"publish","type":"post","link":"https:\/\/lightflow.info\/de\/das-leben-in-der-5-dimension\/","title":{"rendered":"Das Leben in der 5. Dimension"},"content":{"rendered":"\t\t<div data-elementor-type=\"wp-post\" data-elementor-id=\"37293\" class=\"elementor elementor-37293 elementor-1145\" data-elementor-post-type=\"post\">\n\t\t\t\t<div class=\"elementor-element elementor-element-7d142847 e-con-full e-flex e-con e-parent\" data-id=\"7d142847\" data-element_type=\"container\" data-e-type=\"container\" data-settings=\"{&quot;background_background&quot;:&quot;classic&quot;,&quot;shape_divider_bottom&quot;:&quot;mountains&quot;}\">\n\t\t\t\t<div class=\"elementor-shape elementor-shape-bottom\" aria-hidden=\"true\" data-negative=\"false\">\n\t\t\t<svg xmlns=\"http:\/\/www.w3.org\/2000\/svg\" viewBox=\"0 0 1000 100\" preserveAspectRatio=\"none\">\n\t<path class=\"elementor-shape-fill\" opacity=\"0.33\" d=\"M473,67.3c-203.9,88.3-263.1-34-320.3,0C66,119.1,0,59.7,0,59.7V0h1000v59.7 c0,0-62.1,26.1-94.9,29.3c-32.8,3.3-62.8-12.3-75.8-22.1C806,49.6,745.3,8.7,694.9,4.7S492.4,59,473,67.3z\"\/>\n\t<path class=\"elementor-shape-fill\" opacity=\"0.66\" d=\"M734,67.3c-45.5,0-77.2-23.2-129.1-39.1c-28.6-8.7-150.3-10.1-254,39.1 s-91.7-34.4-149.2,0C115.7,118.3,0,39.8,0,39.8V0h1000v36.5c0,0-28.2-18.5-92.1-18.5C810.2,18.1,775.7,67.3,734,67.3z\"\/>\n\t<path class=\"elementor-shape-fill\" d=\"M766.1,28.9c-200-57.5-266,65.5-395.1,19.5C242,1.8,242,5.4,184.8,20.6C128,35.8,132.3,44.9,89.9,52.5C28.6,63.7,0,0,0,0 h1000c0,0-9.9,40.9-83.6,48.1S829.6,47,766.1,28.9z\"\/>\n<\/svg>\t\t<\/div>\n\t\t<div class=\"elementor-element elementor-element-3592a5aa e-flex e-con-boxed e-con e-child\" data-id=\"3592a5aa\" data-element_type=\"container\" data-e-type=\"container\">\n\t\t\t\t\t<div class=\"e-con-inner\">\n\t\t\t\t<div class=\"elementor-element elementor-element-174d7110 elementor-widget elementor-widget-theme-post-title elementor-page-title elementor-widget-heading\" data-id=\"174d7110\" data-element_type=\"widget\" data-e-type=\"widget\" data-widget_type=\"theme-post-title.default\">\n\t\t\t\t\t<h1 class=\"elementor-heading-title elementor-size-default\">Das Leben in der 5. Dimension<\/h1>\t\t\t\t<\/div>\n\t\t\t\t\t<\/div>\n\t\t\t\t<\/div>\n\t\t\t\t<\/div>\n\t\t<div class=\"elementor-element elementor-element-7470e303 e-flex e-con-boxed e-con e-parent\" data-id=\"7470e303\" data-element_type=\"container\" data-e-type=\"container\">\n\t\t\t\t\t<div class=\"e-con-inner\">\n\t\t\t\t<div class=\"elementor-element elementor-element-7799a96f elementor-widget elementor-widget-text-editor\" data-id=\"7799a96f\" data-element_type=\"widget\" data-e-type=\"widget\" data-widget_type=\"text-editor.default\">\n\t\t\t\t\t\t\t\t\t<h4>Dein Punkt der Konvergenz<\/h4><h5>Was ist f\u00fcr dich und mich wirklich der Zweck des Lebens?<br \/>Und auf welche Weise stimmt er mit der Vision \u00fcberein, die h\u00f6here Wesen wie unsere Seelen oder geistigen F\u00fchrer f\u00fcr uns haben?<\/h5>\t\t\t\t\t\t\t\t<\/div>\n\t\t\t\t<div class=\"elementor-element elementor-element-5d77c79e elementor-widget elementor-widget-spacer\" data-id=\"5d77c79e\" data-element_type=\"widget\" data-e-type=\"widget\" data-widget_type=\"spacer.default\">\n\t\t\t\t\t\t\t<div class=\"elementor-spacer\">\n\t\t\t<div class=\"elementor-spacer-inner\"><\/div>\n\t\t<\/div>\n\t\t\t\t\t\t<\/div>\n\t\t\t\t<div class=\"elementor-element elementor-element-6865137d elementor-widget elementor-widget-text-editor\" data-id=\"6865137d\" data-element_type=\"widget\" data-e-type=\"widget\" data-widget_type=\"text-editor.default\">\n\t\t\t\t\t\t\t\t\t<h5>Was ist der Zweck des Lebens?<\/h5><p>Die erste Frage ist eine h\u00e4ufig gestellte: \u201eWas ist der Zweck meines Lebens? Was soll ich hier machen?\u201c. Gleichzeitig empfinden es die meisten Leute schwierig darauf zu Antworten oder die Antwort zu glauben.<\/p><p>Ich erinnere mich, vor ca. 25 Jahren sassen wir gemeinsam in einem Ring mit anderen Lichtarbeitern und f\u00fchrten einen Visionssuche durch. Die innere Frage lautete: \u201eWas bin ich hier zu tun? Was ist die h\u00f6chste Vision f\u00fcr mein Leben?\u201c Die meisten meiner Freunde antworteten so in etwa: \u201eIch m\u00f6chte eine Kunstgalerie er\u00f6ffnen\u201c, \u201eIch m\u00f6chte ein spirituelles Zentrum er\u00f6ffnen, m\u00f6chte Heiler\/in werden\u201c. Ich hatte keine Ahnung, wie ich antworten sollte. Als ich jedoch an der Reihe war f\u00fchlte ich diese enorme Kraft in mir und ich antwortete \u201eIch bin hier, um galaktische Wiederkehr zu erschaffen. Es ist meine Aufgabe, die Galaxien zu vereinen, da alles Leben ins Eins wiederkehrt. Ich bin hier um zu lehren, was das Leben ist, euch daran zu erinnern wer ihr seid und was eure Rolle in im gr\u00f6sseren Ganzen ist.\u201c Alle, mich eingeschlossen, waren schockiert, denn das war keine Antwort, die wir erwartet hatten. Zu jener Zeit war ich eine sehr popul\u00e4re Tarotkartenleserin und die Galaxien zu vereinen war definitiv nicht auf meiner Aufgabenliste. Ich hatte mir selbst eher eine Antwort erwartet wie \u201eStarte deine eigene TV-Show\u201c oder etwas \u00e4hnliches.<\/p><p>Und dennoch, als ich mich dies selbst sagen h\u00f6rte, gab es absolut keinen Zweifel daran, dass dies wahr ist und dass es sich um die Vision meines h\u00f6heren Selbsts f\u00fcr mich handelte.<\/p>\t\t\t\t\t\t\t\t<\/div>\n\t\t<div class=\"elementor-element elementor-element-255e77d1 e-con-full e-flex e-con e-child\" data-id=\"255e77d1\" data-element_type=\"container\" data-e-type=\"container\">\n\t\t<div class=\"elementor-element elementor-element-1c54c29c e-con-full e-flex e-con e-child\" data-id=\"1c54c29c\" data-element_type=\"container\" data-e-type=\"container\">\n\t\t\t\t<div class=\"elementor-element elementor-element-5ca658ac elementor-widget elementor-widget-text-editor\" data-id=\"5ca658ac\" data-element_type=\"widget\" data-e-type=\"widget\" data-widget_type=\"text-editor.default\">\n\t\t\t\t\t\t\t\t\t<h5>F\u00fcr alles Leben gibt es einen weit ausgedehnten Plan<\/h5><p>Was ich damals nicht begriff ist, dass ich so viel mehr bin als diese Person Cecilia, und dass alles m\u00f6glich ist, wenn ich mit all meinen Aspekten als Eins lebe. Je mehr ich channele, desto mehr wird mir klar, dass wir uns erst am Anfang einer Reise befinden, um unser spirituelles Potential zu entfalten. Und obwohl der Aufstieg auf der Erde ein riesiger Schritt in unserer Entwicklung ist, ist er nur ein winziges Puzzleteil in einem viel gr\u00f6\u00dferen Plan f\u00fcr das Multiversum und alles, was jenseits davon liegt. Also selbst wenn die Visionen h\u00f6herer Wesen respekteinfl\u00f6\u00dfend sind, sind sie tats\u00e4chlich Teil des selben Lebensplans, den wir f\u00fcr uns selbst gew\u00e4hlt haben.<\/p>\t\t\t\t\t\t\t\t<\/div>\n\t\t\t\t<\/div>\n\t\t<a class=\"elementor-element elementor-element-2037568f e-con-full e-transform e-flex e-con e-child\" data-id=\"2037568f\" data-element_type=\"container\" data-e-type=\"container\" data-settings=\"{&quot;background_background&quot;:&quot;classic&quot;,&quot;_transform_rotateZ_effect_hover&quot;:{&quot;unit&quot;:&quot;px&quot;,&quot;size&quot;:3,&quot;sizes&quot;:[]},&quot;_transform_rotateZ_effect_hover_tablet&quot;:{&quot;unit&quot;:&quot;deg&quot;,&quot;size&quot;:&quot;&quot;,&quot;sizes&quot;:[]},&quot;_transform_rotateZ_effect_hover_mobile&quot;:{&quot;unit&quot;:&quot;deg&quot;,&quot;size&quot;:&quot;&quot;,&quot;sizes&quot;:[]}}\" href=\"https:\/\/lightflow.info\/de\/produkt\/die-12-schritte-des-goettlichen-plans-teil-i-das-leben-in-den-gitternetzen\/\">\n\t\t\t\t<div class=\"elementor-element elementor-element-3b62b62 elementor-widget elementor-widget-text-editor\" data-id=\"3b62b62\" data-element_type=\"widget\" data-e-type=\"widget\" data-widget_type=\"text-editor.default\">\n\t\t\t\t\t\t\t\t\t<p>Das Leben in<br \/>den Gitternetzen<br \/><span style=\"font-size: 0.6em;\">Hier klicken<\/span><\/p>\t\t\t\t\t\t\t\t<\/div>\n\t\t\t\t<\/a>\n\t\t\t\t<\/div>\n\t\t\t\t<div class=\"elementor-element elementor-element-382ac53b elementor-widget elementor-widget-text-editor\" data-id=\"382ac53b\" data-element_type=\"widget\" data-e-type=\"widget\" data-widget_type=\"text-editor.default\">\n\t\t\t\t\t\t\t\t\t<h5>Erschaffe deinen Punkt der Konvergenz<\/h5><p>Also was bin ich? Und was bist du? Die Liste der Antworten ist m\u00f6glicher Weise genau so endlos wie das Multiversum selbst. Dennoch gibt es in uns einige Hauptaspekte, die, wenn sie vereint sind, einen Punkt der Konvergenz erschaffen. Von dort aus kannst du die Wirklichkeit aus vielen Perspektiven gleichzeitig betrachten. Und wenn du das machst, befindest du dich auf dem Weg zur\u00fcck ins Eins. Es geht um die Integration der Visionen deiner h\u00f6heren Wesensanteile in den\/die du in diesem Augenblick auf der Erde bist. Nicht nur du oder ich erschaffen durch Beobachtung Wirklichkeit, auch all jene h\u00f6heren Aspekte von dir tun dies. Daher kannst du deine Kraft zu manifestieren enorm erh\u00f6hen, in dem du sie integrierst<\/p><h5>Die Hauptanteile des Selbst<\/h5><p>Hier eine kurze Liste einiger Aspekte deines Wesens und wie sie die Wirklichkeit sehen:<\/p><p><strong>Das H\u00f6here Selbst:<\/strong> Dein h\u00f6heres Selbst ist eine holographische Lichtmatrix. Wenn sie Wirklichkeit betrachtet, sieht sie genau dies: Hologramme, Lichtmatrizes und, dass das Leben immer gleich aussieht, egal ob du dir ein Universum oder einen Menschen ansiehst, es sind immer Hologramme und Lichtmatrizes.<\/p><p><strong>Das g\u00f6ttliche Selbst:<\/strong> Dein g\u00f6ttliches Selbst ist eine direkte Reflektion der Quelle und daher sind es die g\u00f6ttlichen Qualit\u00e4ten der Quelle, das es bei der Betrachtung der Wirklichkeit sieht. Wenn es eine Person oder eine Galaxie beobachtet, sieht es Liebe, Licht und Bewusstsein, oder den Bedarf an einem Mehr dieser Qualit\u00e4ten.<\/p><p><strong>Das himmlische Selbst:<\/strong> Betrachtest du die Wirklichkeit aus den himmlischen Reichen, dann ist es eher ein Zuh\u00f6ren als ein Zusehen. Du h\u00f6rst also die T\u00f6ne der Energien des Lichts und des Lebens, und dementsprechend harmonisierst du dann die Wirklichkeit, die du beobachtest.<\/p><p><strong>Seele:<\/strong> Deine Seele ist ein wundervolles, enorm ausgedehntes Wesen, das aus der Essenz der Liebe besteht, aus Pulsen und Impulsen, und sie erleuchtet alles, dessen sie sich gewahr ist. Der Lebenszweck deiner Seele ist es, erleuchtete Erfahrungen zu sammeln, indem sie sich \u00fcberall im Multiversum inkarniert. Wenn sie sich dein Leben auf der Erde ansieht, sieht sie all die erleuchteten Momente deiner vergangenen, gegenw\u00e4rtigen und zuk\u00fcnftigen Leben, denn das Leben deiner Seele besteht aus einem Erfahrungsnetz all der Leben die du hattest, hast und haben wirst, und nicht nur der Lebenszeit, die du gerade im Augenblick erf\u00e4hrst.<\/p><p><strong>Du im Nichts:<\/strong> Die Kr\u00e4fte im Nichts sind es, die unsere Wirklichkeit in der Form und in Bewegung halten. Dein Du im Nichts beobachtet all das Nichts innerhalb der Wirklichkeit.<\/p><h5>Die Wirklichkeit vom gesamten Selbst aus beobachten<\/h5><p>Stell dir vor wie das Leben w\u00e4re, wenn du die Realit\u00e4t gleichzeitig von all diesen Aspekten her beobachten w\u00fcrdest, deine Person auf der Erde mit eingeschlossen. Wenn du das bemeisterst kannst du wahrlich sagen, dass du in der 5. Dimension lebst. Von dort aus wirst du deine Reise fortsetzen, bist du jeden Aspekt deines Lebens in deinem erinnernden Verstand einschliesst und schliesslich als Eins lebst \u2013 eine fabelhafte Reise und ein grosses, spirituelles Abenteuer.<\/p><p>Hier ein Channeling, das dich in der Richtung unterst\u00fctzt, die h\u00f6heren Visionen des Lebens zu manifestieren.<\/p><h5><em>\u201eGeliebte<\/em><\/h5><p>Stelle dir jetzt vor, du w\u00e4rst irgendwo auf einer sch\u00f6nen Wiese, einem Ort in der Natur, an dem du alleine und im Frieden bist. W\u00e4hrend du hier stehst bemerkst du die Sch\u00f6nheit und die gro\u00dfe Vielfalt der Natur.<\/p><p>W\u00e4hrend du dies tust, stellst dir vor, dass ein kraftvoller Laserstrahl aus wei\u00dfem Licht sich entlang deiner Wirbels\u00e4ule vom oberen zum unteren Ende deines K\u00f6rpers und in die Erde hinein bewegt, und w\u00e4hrend er sich mit dir verbindet kannst du das Selbst als viele Selbste sp\u00fcren, als ob du viele K\u00f6rper h\u00e4ttest, die alle \u00fcber diesen Laserstrahl verbunden sind.<\/p><p>Und du kannst durch die Augen all dieser Wesen blicken. Und w\u00e4hrend du dies tust, obwohl du dich am selben Ort befindest, kann das was du siehst v\u00f6llig unterschiedlich sein:<\/p><ul><li>als deine Person auf der Erde siehst du die Sch\u00f6nheit der Natur in all ihrer Vielfalt;<\/li><li>durch die Augen von jemandem anderen siehst du vielleicht Lichtgitter um jede Lebensform in der Natur;<\/li><li>von einer weiteren Perspektive siehst du hier vielleicht all die g\u00f6ttlichen Teilchen, die in all diesen Lebensformen als Cluster existieren;<\/li><li>durch einen weiteren Blickwinkel siehst du vielleicht gar nichts, egal wo du hinsiehst \u2013 und dennoch gibt es hier ein starkes Gef\u00fchl von Etwas und einem tiefen Selbstempfinden;<\/li><li>aus noch einem weiteren Blickwinkel siehst du vielleicht kristalline Strukturen<br \/>unterschiedlicher Art, verschiedene geometrische Figuren, die sich umherbewegen, oder schlicht kristalline Energien, die herumschweben;<\/li><li>aus einem anderen Blickwinkel kannst du vielleicht die Wesen in jeder Lebensform als einen formlosen Raum sehen, der mit einer undefinierbaren Pr\u00e4senz gef\u00fcllt ist;<\/li><li>und von einem weiteren erh\u00e4ltst du vielleicht fl\u00fcchtige Blicke oder vollst\u00e4ndig manifestierte holographische Matrizes,<br \/>und all dies bist du, es ist Teil deines Wesens.<\/li><\/ul><h5>Wie die physische Welt erschaffen wurde<\/h5><p>In der Realit\u00e4t gibt es keine festgelegten Lebensformen und dennoch wurde zu einem bestimmten Augenblick eine Entscheidung getroffen, eine festere Erfahrung zu erschaffen und auf diese Weise dem Sein eine neue Erfahrung hinzuzuf\u00fcgen, als ob jemand eine Vision hatte und meinte: \u201eW\u00e4re es nicht spassig, alles gleichzeitig zu sp\u00fcren und zu sehen? Und w\u00e4re es nicht lustig, wenn die gesamte Wirklichkeit eine festere Form h\u00e4tte, um dir eine tiefere Erfahrung zu erm\u00f6glichen?\u201c<\/p><p>Alle spirituellen Wesen haben diese Gelegenheit umgehend wahrgenommen: \u201eJa, ja, gro\u00dfartig, das machen wir!\u201c<\/p><h5>Ein physischer K\u00f6rper ist ein Geschenk f\u00fcr deine h\u00f6heren Aspekte<\/h5><p>Und hier bist du, du als diese festere, physische Form und du hast auf diese Weise all deinen Aspekten die Gelegenheit gegeben, das Leben auf eine v\u00f6llig andere weise zu erfahren, als das in den spirituellen Ebenen m\u00f6glich ist. Also wurden dem Leben weitere Dinge hinzugef\u00fcgt: Geschmackssinn, Tastsinn, Geruchssinn \u2013 physische Empfindungen unterschiedlichster Art.<\/p><h5>Wie du vergessen hast, was du bist<\/h5><p>Diese Sinneseindr\u00fccke wurden ab einem gewissen Punkt so \u00fcberw\u00e4ltigend, dass alles andere irrelevant erschien und vergessen ging. Und so erlebst du schon f\u00fcr die l\u00e4ngste Zeit das physische Leben als das einzige Leben \u2013 und dennoch, tief in dir gab es immer eine subtile Erinnerung an all das, was du bist. Da diese aber vergessen ging, musstest du dir ein Bild machen, indem all dieses andere Zeug anderswo w\u00e4re, ausserhalb von dir, an Orten, an denen du nicht physisch warst.<\/p>\t\t\t\t\t\t\t\t<\/div>\n\t\t<div class=\"elementor-element elementor-element-8ab90f9 e-con-full e-flex e-con e-child\" data-id=\"8ab90f9\" data-element_type=\"container\" data-e-type=\"container\">\n\t\t<a class=\"elementor-element elementor-element-2764b93 e-con-full e-transform e-flex e-con e-child\" data-id=\"2764b93\" data-element_type=\"container\" data-e-type=\"container\" data-settings=\"{&quot;background_background&quot;:&quot;classic&quot;,&quot;_transform_rotateZ_effect_hover&quot;:{&quot;unit&quot;:&quot;px&quot;,&quot;size&quot;:3,&quot;sizes&quot;:[]},&quot;_transform_rotateZ_effect_hover_tablet&quot;:{&quot;unit&quot;:&quot;deg&quot;,&quot;size&quot;:&quot;&quot;,&quot;sizes&quot;:[]},&quot;_transform_rotateZ_effect_hover_mobile&quot;:{&quot;unit&quot;:&quot;deg&quot;,&quot;size&quot;:&quot;&quot;,&quot;sizes&quot;:[]}}\" href=\"https:\/\/lightflow.info\/de\/produkt\/dein-5-d-lichtkoerper-die-gespiegelte-wirklichkeit-in-der-dreifach-galaxie\/\">\n\t\t\t\t<div class=\"elementor-element elementor-element-7c17463 elementor-widget elementor-widget-text-editor\" data-id=\"7c17463\" data-element_type=\"widget\" data-e-type=\"widget\" data-widget_type=\"text-editor.default\">\n\t\t\t\t\t\t\t\t\t<p>Dein 5-D<br \/>Lichtk\u00f6rper<br \/><span style=\"font-size: 0.6em;\">Hier klicken<\/span><\/p>\t\t\t\t\t\t\t\t<\/div>\n\t\t\t\t<\/a>\n\t\t<div class=\"elementor-element elementor-element-46b083a e-con-full e-flex e-con e-child\" data-id=\"46b083a\" data-element_type=\"container\" data-e-type=\"container\">\n\t\t\t\t<div class=\"elementor-element elementor-element-54095f5 elementor-widget elementor-widget-text-editor\" data-id=\"54095f5\" data-element_type=\"widget\" data-e-type=\"widget\" data-widget_type=\"text-editor.default\">\n\t\t\t\t\t\t\t\t\t<h5>Die 5. Dimension: Das Leben mit einer vollst\u00e4ndigen Selbsterfahrung<\/h5><p>Auf diese Weise wurde die Idee des Lebens nach dem Tod und vom Paradies erfunden, so konntest du dich auf alles beziehen, was du bist. In Wahrheit ist das Paradies aber hier in dieser Welt und in diesem K\u00f6rper, sobald all deine Aspekte darin sind und ihn erfahren. W\u00e4hrend du spirituell w\u00e4chst ver\u00e4ndert sich deine Wirklichkeit und sie entwickelt sich hin zu etwas was du die 5. Dimension nennst \u2013 ein Ort in dir, wo das Selbsterleben vollst\u00e4ndig ist, nicht nur das Physische, sondern das Physische als ein Zusatz zu allem Anderem das du bist, so wie das beabsichtigt war. Dies ist es auch, was du \u201eDas Erwachen\u201c nennst, das Erwachen zum Selbst und zu allem, das du bist.<\/p>\t\t\t\t\t\t\t\t<\/div>\n\t\t\t\t<\/div>\n\t\t\t\t<\/div>\n\t\t\t\t<div class=\"elementor-element elementor-element-1b894f4d elementor-widget elementor-widget-text-editor\" data-id=\"1b894f4d\" data-element_type=\"widget\" data-e-type=\"widget\" data-widget_type=\"text-editor.default\">\n\t\t\t\t\t\t\t\t\t<h5>Extreme Ideen entstehen bei einer Abtrennung vom Selbst<\/h5><p>Wenn nur einer dieser deiner Aspekte erfahren wird, f\u00fchrt dies oft zu extremen Ideen. Daher ist es so wichtig, alles \u00fcber dich zu wissen, und nicht nur ein St\u00fcckchen hier und eines dort. Hier bist du also und erschaffst f\u00fcr dich und die Welt den Aufstieg des Bewusstseins und der Erfahrung.<\/p><p>Viele von euch haben unterschiedliche Ebenen der Wirklichkeit eine nach der anderen studiert und erforscht. Dies schon alleine deshalb, weil h\u00e4tten wir all das was du bist gleichzeitig vorgestellt, w\u00e4re es f\u00fcr dein Gehirn zu viel gewesen. Jetzt aber befindest du dich in der Phase, in der 2. Welle der spirituellen Entwicklung, wo wir alle Teile zu einem vollst\u00e4ndigeren Bild zusammenf\u00fcgen.<\/p><h5>Reise zur Gott\/G\u00f6ttinen-Spielwiese &#8230;<\/h5><p>Stell dir jetzt vor, dass du dich in diesen Laserstrahl hineinbewegst, sodass all deine Aspekte eins werden. Stelle dir vor, dass du die Wirklichkeit vom Inneren und \u00c4u\u00dferen des Laserstrahls betrachten kannst. Bemerke wie sich dieser Laserstrahl nach oben hin ausdehnt, zu einem Ort den wir den Spielplatz des Gottes und der G\u00f6ttin nennen, und wo sich die himmlischen Engel befinden. Indem du diesem Laserstrahl nach oben folgst, kommst du bei ihnen an. Dort wirst du gefragt: \u201eWarum bist du hier?\u201c Es liegt es an dir, deine Absicht darzulegen.<\/p><p>Vielleicht sieht sie so aus: \u201eIch m\u00f6chte meine Wirklichkeit zur\u00fcck ins Eins bringen\u201c \u2013 oder vielleicht etwas anderes. Wenn du den Zweck deines Besuchs angegeben hast, wirst du zu einer Resonanzkammer gebracht, in der diese Engel Frequenzen, T\u00f6ne und Licht ausw\u00e4hlen werden, die mit deiner Absicht \u00fcbereinstimmen.<\/p><h5>&#8230; wo dir himmlische Engel zuh\u00f6ren<\/h5><p>Wenn sie damit fertig sind, wirst du aus dieser Kammer hinaus und an einen riesigen Ort gebracht und dort im Zentrum platziert. Hier befinden sich Reihe um Reihe dieser Engel, die den T\u00f6nen deiner Absicht zuh\u00f6ren, als ob diese ein Notenblatt w\u00e4ren. Und sie beginnen f\u00fcr dich zu singen um diese Wirklichkeit, deine gesetzte Absicht, zu manifestieren. H\u00f6re ihren T\u00f6nen zu und lasse sie dein Leben und deine Entwicklung harmonisieren<\/p><h5>Mit Engeln singen<\/h5><p>Sobald sie zu Ende gesungen haben fragen sie dich: \u201eM\u00f6chtest du dich uns anschlie\u00dfen, um f\u00fcr deine Welt zu singen und um die Menschheit zu erwecken?\u201c<\/p><p>Stell dir also vor, dass du bei diesen Engeln bist, dass deine Welt gerade hier ist und du bist in ihr. Und gemeinsam singt ihr T\u00f6ne der Harmonie f\u00fcr alles Leben.<\/p><p>Und du, als die Person die noch immer auf der Wiese steht, du erh\u00e4ltst diese T\u00f6ne: Erwachen, Aufsteigen, Wiederkehren zum Eins.<\/p><p><em>Segnungen\u201c<\/em><\/p><h5>Warum Konvergenz?<\/h5><p>Warum ist es n\u00f6tig, diese h\u00f6heren Perspektiven zu vereinen? Sicherlich k\u00f6nnen diese h\u00f6heren Wesen alles sehen. Sollte das nicht ausreichen?<\/p><p>Also nein, sie sehen nicht alles. Es gibt ein \u201espirituelles Gesetz\u201c das besagt, dass jedes Selbst nur dann Selbst sehen kann, wenn es die Wirklichkeit beobachtet, selbst wenn diese Wirklichkeit nicht das Selbst ist.<\/p>\t\t\t\t\t\t\t\t<\/div>\n\t\t<div class=\"elementor-element elementor-element-bc46bf6 e-con-full e-flex e-con e-child\" data-id=\"bc46bf6\" data-element_type=\"container\" data-e-type=\"container\">\n\t\t<div class=\"elementor-element elementor-element-73cd0f2 e-con-full e-flex e-con e-child\" data-id=\"73cd0f2\" data-element_type=\"container\" data-e-type=\"container\">\n\t\t\t\t<div class=\"elementor-element elementor-element-0e331f5 elementor-widget elementor-widget-text-editor\" data-id=\"0e331f5\" data-element_type=\"widget\" data-e-type=\"widget\" data-widget_type=\"text-editor.default\">\n\t\t\t\t\t\t\t\t\t<p>Zum Beispiel, wenn ich mir in der \u00e4usseren Welt eine andere Person betrachte, sehe ich ihn\/sie nicht objektiv. Alles was ich sehe handelt von mir. Im Anderen sehe ich die Dinge, die ich mag und diejenigen, die ich nicht mag. W\u00fcrde jemand anderer diese Person betrachten, w\u00fcrde sie\/er wahrscheinlich v\u00f6llig andere Dinge sehen. Es ist nicht so, dass die Person die ich betrachte keine anderen Qualit\u00e4ten h\u00e4tte, als die ich sehe, aber ich kann nur sehen, was in mir ist. Auf diese Weise ist das Leben \u00fcberall geschaffen.<\/p>\t\t\t\t\t\t\t\t<\/div>\n\t\t\t\t<\/div>\n\t\t<a class=\"elementor-element elementor-element-eb1fd28 e-con-full e-transform e-flex e-con e-child\" data-id=\"eb1fd28\" data-element_type=\"container\" data-e-type=\"container\" data-settings=\"{&quot;background_background&quot;:&quot;classic&quot;,&quot;_transform_rotateZ_effect_hover&quot;:{&quot;unit&quot;:&quot;px&quot;,&quot;size&quot;:3,&quot;sizes&quot;:[]},&quot;_transform_rotateZ_effect_hover_tablet&quot;:{&quot;unit&quot;:&quot;deg&quot;,&quot;size&quot;:&quot;&quot;,&quot;sizes&quot;:[]},&quot;_transform_rotateZ_effect_hover_mobile&quot;:{&quot;unit&quot;:&quot;deg&quot;,&quot;size&quot;:&quot;&quot;,&quot;sizes&quot;:[]}}\" href=\"https:\/\/lightflow.info\/de\/leseecke\/\">\n\t\t\t\t<div class=\"elementor-element elementor-element-4a128a5 elementor-widget__width-inherit elementor-widget elementor-widget-text-editor\" data-id=\"4a128a5\" data-element_type=\"widget\" data-e-type=\"widget\" data-widget_type=\"text-editor.default\">\n\t\t\t\t\t\t\t\t\tLeseecke\n<span style=\"font-size: 0.6em;\">Hier klicken<\/span>\t\t\t\t\t\t\t\t<\/div>\n\t\t\t\t<\/a>\n\t\t\t\t<\/div>\n\t\t\t\t\t<\/div>\n\t\t\t\t<\/div>\n\t\t<div class=\"elementor-element elementor-element-1a8a5e4d e-flex e-con-boxed e-con e-parent\" data-id=\"1a8a5e4d\" data-element_type=\"container\" data-e-type=\"container\" data-settings=\"{&quot;background_background&quot;:&quot;classic&quot;,&quot;shape_divider_top&quot;:&quot;mountains&quot;}\">\n\t\t\t\t\t<div class=\"e-con-inner\">\n\t\t\t\t<div class=\"elementor-shape elementor-shape-top\" aria-hidden=\"true\" data-negative=\"false\">\n\t\t\t<svg xmlns=\"http:\/\/www.w3.org\/2000\/svg\" viewBox=\"0 0 1000 100\" preserveAspectRatio=\"none\">\n\t<path class=\"elementor-shape-fill\" opacity=\"0.33\" d=\"M473,67.3c-203.9,88.3-263.1-34-320.3,0C66,119.1,0,59.7,0,59.7V0h1000v59.7 c0,0-62.1,26.1-94.9,29.3c-32.8,3.3-62.8-12.3-75.8-22.1C806,49.6,745.3,8.7,694.9,4.7S492.4,59,473,67.3z\"\/>\n\t<path class=\"elementor-shape-fill\" opacity=\"0.66\" d=\"M734,67.3c-45.5,0-77.2-23.2-129.1-39.1c-28.6-8.7-150.3-10.1-254,39.1 s-91.7-34.4-149.2,0C115.7,118.3,0,39.8,0,39.8V0h1000v36.5c0,0-28.2-18.5-92.1-18.5C810.2,18.1,775.7,67.3,734,67.3z\"\/>\n\t<path class=\"elementor-shape-fill\" d=\"M766.1,28.9c-200-57.5-266,65.5-395.1,19.5C242,1.8,242,5.4,184.8,20.6C128,35.8,132.3,44.9,89.9,52.5C28.6,63.7,0,0,0,0 h1000c0,0-9.9,40.9-83.6,48.1S829.6,47,766.1,28.9z\"\/>\n<\/svg>\t\t<\/div>\n\t\t\t\t<div class=\"elementor-element elementor-element-3e382acc elementor-widget-tablet__width-initial elementor-widget elementor-widget-heading\" data-id=\"3e382acc\" data-element_type=\"widget\" data-e-type=\"widget\" data-widget_type=\"heading.default\">\n\t\t\t\t\t<h4 class=\"elementor-heading-title elementor-size-default\">Vielleicht interessierst du dich f\u00fcr diese H\u00f6rkurse<\/h4>\t\t\t\t<\/div>\n\t\t\t\t<div class=\"elementor-element elementor-element-3ee1f4d elementor-widget elementor-widget-spacer\" data-id=\"3ee1f4d\" data-element_type=\"widget\" data-e-type=\"widget\" data-widget_type=\"spacer.default\">\n\t\t\t\t\t\t\t<div class=\"elementor-spacer\">\n\t\t\t<div class=\"elementor-spacer-inner\"><\/div>\n\t\t<\/div>\n\t\t\t\t\t\t<\/div>\n\t\t\t\t<div class=\"elementor-element elementor-element-2f316a82 elementor-grid-3 elementor-grid-mobile-1 elementor-grid-tablet-3 elementor-products-grid elementor-wc-products elementor-widget elementor-widget-woocommerce-products\" data-id=\"2f316a82\" data-element_type=\"widget\" data-e-type=\"widget\" data-widget_type=\"woocommerce-products.default\">\n\t\t\t\t<div class=\"elementor-widget-container\">\n\t\t\t\t\t<div class=\"woocommerce columns-3 \">\r\n<ul class=\"products elementor-grid oceanwp-row clr grid tablet-col tablet-2-col mobile-col mobile-1-col infinite-scroll-wrap\">\r\n<li class=\"entry has-media col span_1_of_3 owp-content-center item-entry owp-thumbs-layout-horizontal owp-btn-normal owp-tabs-layout-section has-no-thumbnails circle-sale product type-product post-26530 status-publish first instock product_cat-die-innere-quelle has-post-thumbnail downloadable virtual purchasable product-type-simple\">\n\t<div class=\"product-inner clr\">\n\t<div class=\"woo-entry-image clr\">\n\t\t<a href=\"https:\/\/lightflow.info\/de\/produkt\/teil-1-personliche-evolution-im-neuen-zeitalter\/\" class=\"woocommerce-LoopProduct-link\"><img fetchpriority=\"high\" decoding=\"async\" width=\"300\" height=\"300\" src=\"https:\/\/lightflow.info\/wp-content\/uploads\/C4-SC3-P1-G_SIF100G-Innere-Quelle-1-Persoenliche-Evolution-300x300.webp\" class=\"woo-entry-image-main\" alt=\"Teil 1: Pers\u00f6nliche Evolution im neuen Zeitalter\" itemprop=\"image\" srcset=\"https:\/\/lightflow.info\/wp-content\/uploads\/C4-SC3-P1-G_SIF100G-Innere-Quelle-1-Persoenliche-Evolution-300x300.webp 300w, https:\/\/lightflow.info\/wp-content\/uploads\/C4-SC3-P1-G_SIF100G-Innere-Quelle-1-Persoenliche-Evolution-100x100.webp 100w, https:\/\/lightflow.info\/wp-content\/uploads\/C4-SC3-P1-G_SIF100G-Innere-Quelle-1-Persoenliche-Evolution-600x600.webp 600w, https:\/\/lightflow.info\/wp-content\/uploads\/C4-SC3-P1-G_SIF100G-Innere-Quelle-1-Persoenliche-Evolution-150x150.webp 150w, https:\/\/lightflow.info\/wp-content\/uploads\/C4-SC3-P1-G_SIF100G-Innere-Quelle-1-Persoenliche-Evolution-768x768.webp 768w, https:\/\/lightflow.info\/wp-content\/uploads\/C4-SC3-P1-G_SIF100G-Innere-Quelle-1-Persoenliche-Evolution.webp 800w\" sizes=\"(max-width: 300px) 100vw, 300px\" \/><\/a><a href=\"#\" id=\"product_id_26530\" class=\"owp-quick-view\" data-product_id=\"26530\" aria-label=\"Schnelle Produktvorschau Teil 1: Pers\u00f6nliche Evolution im neuen Zeitalter\"><i class=\" icon-eye\" aria-hidden=\"true\" role=\"img\"><\/i> Schnellansicht<\/a>\t<\/div><!-- .woo-entry-image -->\n\n\t<ul class=\"woo-entry-inner clr\"><li class=\"image-wrap\">\n\t<div class=\"woo-entry-image clr\">\n\t\t<a href=\"https:\/\/lightflow.info\/de\/produkt\/teil-1-personliche-evolution-im-neuen-zeitalter\/\" class=\"woocommerce-LoopProduct-link\"><img fetchpriority=\"high\" decoding=\"async\" width=\"300\" height=\"300\" src=\"https:\/\/lightflow.info\/wp-content\/uploads\/C4-SC3-P1-G_SIF100G-Innere-Quelle-1-Persoenliche-Evolution-300x300.webp\" class=\"woo-entry-image-main\" alt=\"Teil 1: Pers\u00f6nliche Evolution im neuen Zeitalter\" itemprop=\"image\" srcset=\"https:\/\/lightflow.info\/wp-content\/uploads\/C4-SC3-P1-G_SIF100G-Innere-Quelle-1-Persoenliche-Evolution-300x300.webp 300w, https:\/\/lightflow.info\/wp-content\/uploads\/C4-SC3-P1-G_SIF100G-Innere-Quelle-1-Persoenliche-Evolution-100x100.webp 100w, https:\/\/lightflow.info\/wp-content\/uploads\/C4-SC3-P1-G_SIF100G-Innere-Quelle-1-Persoenliche-Evolution-600x600.webp 600w, https:\/\/lightflow.info\/wp-content\/uploads\/C4-SC3-P1-G_SIF100G-Innere-Quelle-1-Persoenliche-Evolution-150x150.webp 150w, https:\/\/lightflow.info\/wp-content\/uploads\/C4-SC3-P1-G_SIF100G-Innere-Quelle-1-Persoenliche-Evolution-768x768.webp 768w, https:\/\/lightflow.info\/wp-content\/uploads\/C4-SC3-P1-G_SIF100G-Innere-Quelle-1-Persoenliche-Evolution.webp 800w\" sizes=\"(max-width: 300px) 100vw, 300px\" \/><\/a><a href=\"#\" id=\"product_id_26530\" class=\"owp-quick-view\" data-product_id=\"26530\" aria-label=\"Schnelle Produktvorschau Teil 1: Pers\u00f6nliche Evolution im neuen Zeitalter\"><i class=\" icon-eye\" aria-hidden=\"true\" role=\"img\"><\/i> Schnellansicht<\/a>\t<\/div><!-- .woo-entry-image -->\n\n\t<\/li><li class=\"title\"><h2><a href=\"https:\/\/lightflow.info\/de\/produkt\/teil-1-personliche-evolution-im-neuen-zeitalter\/\">Teil 1: Pers\u00f6nliche Evolution im neuen Zeitalter<\/a><\/h2><\/li><li class=\"price-wrap\">\n\t<span class=\"price\"><span class=\"woocommerce-Price-amount amount\"><bdi><span class=\"woocommerce-Price-currencySymbol\">&euro;<\/span>&nbsp;165,00<\/bdi><\/span><\/span>\n<\/li><li class=\"wc-gzd\"><\/li><\/ul><\/div><!-- .product-inner .clr --><\/li>\n<li class=\"entry has-media col span_1_of_3 owp-content-center item-entry owp-thumbs-layout-horizontal owp-btn-normal owp-tabs-layout-section has-no-thumbnails circle-sale product type-product post-24322 status-publish instock product_cat-der-ruf-fuer-das-groessere-ganze has-post-thumbnail downloadable virtual purchasable product-type-simple\">\n\t<div class=\"product-inner clr\">\n\t<div class=\"woo-entry-image clr\">\n\t\t<a href=\"https:\/\/lightflow.info\/de\/produkt\/der-ruf-fuer-das-groessere-ganze-erforschung-der-existenz\/\" class=\"woocommerce-LoopProduct-link\"><img decoding=\"async\" width=\"300\" height=\"300\" src=\"https:\/\/lightflow.info\/wp-content\/uploads\/C2-SC6-P1-G_SIF09-Ruf-fuer-das-groessere-Ganze-300x300.webp\" class=\"woo-entry-image-main\" alt=\"Der Ruf f\u00fcr das Gr\u00f6ssere Ganze \u2013 Erforschung der Existenz\" itemprop=\"image\" srcset=\"https:\/\/lightflow.info\/wp-content\/uploads\/C2-SC6-P1-G_SIF09-Ruf-fuer-das-groessere-Ganze-300x300.webp 300w, https:\/\/lightflow.info\/wp-content\/uploads\/C2-SC6-P1-G_SIF09-Ruf-fuer-das-groessere-Ganze-100x100.webp 100w, https:\/\/lightflow.info\/wp-content\/uploads\/C2-SC6-P1-G_SIF09-Ruf-fuer-das-groessere-Ganze-600x600.webp 600w, https:\/\/lightflow.info\/wp-content\/uploads\/C2-SC6-P1-G_SIF09-Ruf-fuer-das-groessere-Ganze-150x150.webp 150w, https:\/\/lightflow.info\/wp-content\/uploads\/C2-SC6-P1-G_SIF09-Ruf-fuer-das-groessere-Ganze-768x768.webp 768w, https:\/\/lightflow.info\/wp-content\/uploads\/C2-SC6-P1-G_SIF09-Ruf-fuer-das-groessere-Ganze.webp 800w\" sizes=\"(max-width: 300px) 100vw, 300px\" \/><\/a><a href=\"#\" id=\"product_id_24322\" class=\"owp-quick-view\" data-product_id=\"24322\" aria-label=\"Schnelle Produktvorschau Der Ruf f\u00fcr das Gr\u00f6ssere Ganze \u2013 Erforschung der Existenz\"><i class=\" icon-eye\" aria-hidden=\"true\" role=\"img\"><\/i> Schnellansicht<\/a>\t<\/div><!-- .woo-entry-image -->\n\n\t<ul class=\"woo-entry-inner clr\"><li class=\"image-wrap\">\n\t<div class=\"woo-entry-image clr\">\n\t\t<a href=\"https:\/\/lightflow.info\/de\/produkt\/der-ruf-fuer-das-groessere-ganze-erforschung-der-existenz\/\" class=\"woocommerce-LoopProduct-link\"><img decoding=\"async\" width=\"300\" height=\"300\" src=\"https:\/\/lightflow.info\/wp-content\/uploads\/C2-SC6-P1-G_SIF09-Ruf-fuer-das-groessere-Ganze-300x300.webp\" class=\"woo-entry-image-main\" alt=\"Der Ruf f\u00fcr das Gr\u00f6ssere Ganze \u2013 Erforschung der Existenz\" itemprop=\"image\" srcset=\"https:\/\/lightflow.info\/wp-content\/uploads\/C2-SC6-P1-G_SIF09-Ruf-fuer-das-groessere-Ganze-300x300.webp 300w, https:\/\/lightflow.info\/wp-content\/uploads\/C2-SC6-P1-G_SIF09-Ruf-fuer-das-groessere-Ganze-100x100.webp 100w, https:\/\/lightflow.info\/wp-content\/uploads\/C2-SC6-P1-G_SIF09-Ruf-fuer-das-groessere-Ganze-600x600.webp 600w, https:\/\/lightflow.info\/wp-content\/uploads\/C2-SC6-P1-G_SIF09-Ruf-fuer-das-groessere-Ganze-150x150.webp 150w, https:\/\/lightflow.info\/wp-content\/uploads\/C2-SC6-P1-G_SIF09-Ruf-fuer-das-groessere-Ganze-768x768.webp 768w, https:\/\/lightflow.info\/wp-content\/uploads\/C2-SC6-P1-G_SIF09-Ruf-fuer-das-groessere-Ganze.webp 800w\" sizes=\"(max-width: 300px) 100vw, 300px\" \/><\/a><a href=\"#\" id=\"product_id_24322\" class=\"owp-quick-view\" data-product_id=\"24322\" aria-label=\"Schnelle Produktvorschau Der Ruf f\u00fcr das Gr\u00f6ssere Ganze \u2013 Erforschung der Existenz\"><i class=\" icon-eye\" aria-hidden=\"true\" role=\"img\"><\/i> Schnellansicht<\/a>\t<\/div><!-- .woo-entry-image -->\n\n\t<\/li><li class=\"title\"><h2><a href=\"https:\/\/lightflow.info\/de\/produkt\/der-ruf-fuer-das-groessere-ganze-erforschung-der-existenz\/\">Der Ruf f\u00fcr das Gr\u00f6ssere Ganze \u2013 Erforschung der Existenz<\/a><\/h2><\/li><li class=\"price-wrap\">\n\t<span class=\"price\"><span class=\"woocommerce-Price-amount amount\"><bdi><span class=\"woocommerce-Price-currencySymbol\">&euro;<\/span>&nbsp;115,00<\/bdi><\/span><\/span>\n<\/li><li class=\"wc-gzd\"><\/li><\/ul><\/div><!-- .product-inner .clr --><\/li>\n<li class=\"entry has-media col span_1_of_3 owp-content-center item-entry owp-thumbs-layout-horizontal owp-btn-normal owp-tabs-layout-section has-no-thumbnails circle-sale product type-product post-23743 status-publish last instock product_cat-meditationen-fuer-ein-einfaches-leben has-post-thumbnail downloadable virtual purchasable product-type-simple\">\n\t<div class=\"product-inner clr\">\n\t<div class=\"woo-entry-image clr\">\n\t\t<a href=\"https:\/\/lightflow.info\/de\/produkt\/mitgefuehl\/\" class=\"woocommerce-LoopProduct-link\"><img decoding=\"async\" width=\"300\" height=\"300\" src=\"https:\/\/lightflow.info\/wp-content\/uploads\/C1-SC1-P5-G_SIF105-Mitgefuehl-Meditationen-300x300.webp\" class=\"woo-entry-image-main\" alt=\"Mitgef\u00fchl\" itemprop=\"image\" srcset=\"https:\/\/lightflow.info\/wp-content\/uploads\/C1-SC1-P5-G_SIF105-Mitgefuehl-Meditationen-300x300.webp 300w, https:\/\/lightflow.info\/wp-content\/uploads\/C1-SC1-P5-G_SIF105-Mitgefuehl-Meditationen-100x100.webp 100w, https:\/\/lightflow.info\/wp-content\/uploads\/C1-SC1-P5-G_SIF105-Mitgefuehl-Meditationen-150x150.webp 150w, https:\/\/lightflow.info\/wp-content\/uploads\/C1-SC1-P5-G_SIF105-Mitgefuehl-Meditationen-600x600.webp 600w\" sizes=\"(max-width: 300px) 100vw, 300px\" \/><\/a><a href=\"#\" id=\"product_id_23743\" class=\"owp-quick-view\" data-product_id=\"23743\" aria-label=\"Schnelle Produktvorschau Mitgef\u00fchl\"><i class=\" icon-eye\" aria-hidden=\"true\" role=\"img\"><\/i> Schnellansicht<\/a>\t<\/div><!-- .woo-entry-image -->\n\n\t<ul class=\"woo-entry-inner clr\"><li class=\"image-wrap\">\n\t<div class=\"woo-entry-image clr\">\n\t\t<a href=\"https:\/\/lightflow.info\/de\/produkt\/mitgefuehl\/\" class=\"woocommerce-LoopProduct-link\"><img decoding=\"async\" width=\"300\" height=\"300\" src=\"https:\/\/lightflow.info\/wp-content\/uploads\/C1-SC1-P5-G_SIF105-Mitgefuehl-Meditationen-300x300.webp\" class=\"woo-entry-image-main\" alt=\"Mitgef\u00fchl\" itemprop=\"image\" srcset=\"https:\/\/lightflow.info\/wp-content\/uploads\/C1-SC1-P5-G_SIF105-Mitgefuehl-Meditationen-300x300.webp 300w, https:\/\/lightflow.info\/wp-content\/uploads\/C1-SC1-P5-G_SIF105-Mitgefuehl-Meditationen-100x100.webp 100w, https:\/\/lightflow.info\/wp-content\/uploads\/C1-SC1-P5-G_SIF105-Mitgefuehl-Meditationen-150x150.webp 150w, https:\/\/lightflow.info\/wp-content\/uploads\/C1-SC1-P5-G_SIF105-Mitgefuehl-Meditationen-600x600.webp 600w\" sizes=\"(max-width: 300px) 100vw, 300px\" \/><\/a><a href=\"#\" id=\"product_id_23743\" class=\"owp-quick-view\" data-product_id=\"23743\" aria-label=\"Schnelle Produktvorschau Mitgef\u00fchl\"><i class=\" icon-eye\" aria-hidden=\"true\" role=\"img\"><\/i> Schnellansicht<\/a>\t<\/div><!-- .woo-entry-image -->\n\n\t<\/li><li class=\"title\"><h2><a href=\"https:\/\/lightflow.info\/de\/produkt\/mitgefuehl\/\">Mitgef\u00fchl<\/a><\/h2><\/li><li class=\"price-wrap\">\n\t<span class=\"price\"><span class=\"woocommerce-Price-amount amount\"><bdi><span class=\"woocommerce-Price-currencySymbol\">&euro;<\/span>&nbsp;19,00<\/bdi><\/span><\/span>\n<\/li><li class=\"wc-gzd\"><\/li><\/ul><\/div><!-- .product-inner .clr --><\/li>\n<\/ul>\n<\/div>\t\t\t\t<\/div>\n\t\t\t\t<\/div>\n\t\t\t\t\t<\/div>\n\t\t\t\t<\/div>\n\t\t\t\t<\/div>\n\t\t","protected":false},"excerpt":{"rendered":"<p>Was ist eigentlich der Sinn unseres Lebens? Und wie passt das zu der Vision, die h\u00f6here Wesen wie unsere Seelen und F\u00fchrer f\u00fcr uns haben?<\/p>\n","protected":false},"author":1,"featured_media":35448,"comment_status":"open","ping_status":"open","sticky":false,"template":"","format":"standard","meta":{"_acf_changed":false,"ocean_post_layout":"","ocean_both_sidebars_style":"","ocean_both_sidebars_content_width":0,"ocean_both_sidebars_sidebars_width":0,"ocean_sidebar":"0","ocean_second_sidebar":"0","ocean_disable_margins":"enable","ocean_add_body_class":"","ocean_shortcode_before_top_bar":"","ocean_shortcode_after_top_bar":"","ocean_shortcode_before_header":"","ocean_shortcode_after_header":"","ocean_has_shortcode":"","ocean_shortcode_after_title":"","ocean_shortcode_before_footer_widgets":"","ocean_shortcode_after_footer_widgets":"","ocean_shortcode_before_footer_bottom":"","ocean_shortcode_after_footer_bottom":"","ocean_display_top_bar":"default","ocean_display_header":"default","ocean_header_style":"","ocean_center_header_left_menu":"0","ocean_custom_header_template":"0","ocean_custom_logo":0,"ocean_custom_retina_logo":0,"ocean_custom_logo_max_width":0,"ocean_custom_logo_tablet_max_width":0,"ocean_custom_logo_mobile_max_width":0,"ocean_custom_logo_max_height":0,"ocean_custom_logo_tablet_max_height":0,"ocean_custom_logo_mobile_max_height":0,"ocean_header_custom_menu":"0","ocean_menu_typo_font_family":"0","ocean_menu_typo_font_subset":"","ocean_menu_typo_font_size":0,"ocean_menu_typo_font_size_tablet":0,"ocean_menu_typo_font_size_mobile":0,"ocean_menu_typo_font_size_unit":"px","ocean_menu_typo_font_weight":"","ocean_menu_typo_font_weight_tablet":"","ocean_menu_typo_font_weight_mobile":"","ocean_menu_typo_transform":"","ocean_menu_typo_transform_tablet":"","ocean_menu_typo_transform_mobile":"","ocean_menu_typo_line_height":0,"ocean_menu_typo_line_height_tablet":0,"ocean_menu_typo_line_height_mobile":0,"ocean_menu_typo_line_height_unit":"","ocean_menu_typo_spacing":0,"ocean_menu_typo_spacing_tablet":0,"ocean_menu_typo_spacing_mobile":0,"ocean_menu_typo_spacing_unit":"","ocean_menu_link_color":"","ocean_menu_link_color_hover":"","ocean_menu_link_color_active":"","ocean_menu_link_background":"","ocean_menu_link_hover_background":"","ocean_menu_link_active_background":"","ocean_menu_social_links_bg":"","ocean_menu_social_hover_links_bg":"","ocean_menu_social_links_color":"","ocean_menu_social_hover_links_color":"","ocean_disable_title":"on","ocean_disable_heading":"default","ocean_post_title":"","ocean_post_subheading":"","ocean_post_title_style":"","ocean_post_title_background_color":"","ocean_post_title_background":0,"ocean_post_title_bg_image_position":"","ocean_post_title_bg_image_attachment":"","ocean_post_title_bg_image_repeat":"","ocean_post_title_bg_image_size":"","ocean_post_title_height":0,"ocean_post_title_bg_overlay":0.5,"ocean_post_title_bg_overlay_color":"","ocean_disable_breadcrumbs":"default","ocean_breadcrumbs_color":"","ocean_breadcrumbs_separator_color":"","ocean_breadcrumbs_links_color":"","ocean_breadcrumbs_links_hover_color":"","ocean_display_footer_widgets":"default","ocean_display_footer_bottom":"default","ocean_custom_footer_template":"0","ocean_post_oembed":"","ocean_post_self_hosted_media":"","ocean_post_video_embed":"","ocean_link_format":"","ocean_link_format_target":"self","ocean_quote_format":"","ocean_quote_format_link":"post","ocean_gallery_link_images":"on","ocean_gallery_id":[],"footnotes":""},"categories":[122],"tags":[],"class_list":["post-37293","post","type-post","status-publish","format-standard","has-post-thumbnail","hentry","category-gechannelte-artikel","entry","has-media","owp-thumbs-layout-horizontal","owp-btn-normal","owp-tabs-layout-section","has-no-thumbnails","circle-sale"],"acf":[],"yoast_head":"<!-- This site is optimized with the Yoast SEO plugin v27.4 - https:\/\/yoast.com\/product\/yoast-seo-wordpress\/ -->\n<title>Das Leben in der 5. Dimension &#8902; Lightflow Academy by Cecilia Sifontes<\/title>\n<meta name=\"robots\" content=\"index, follow, max-snippet:-1, max-image-preview:large, max-video-preview:-1\" \/>\n<link rel=\"canonical\" href=\"https:\/\/lightflow.info\/de\/das-leben-in-der-5-dimension\/\" \/>\n<meta property=\"og:locale\" content=\"de_DE\" \/>\n<meta property=\"og:type\" content=\"article\" \/>\n<meta property=\"og:title\" content=\"Das Leben in der 5. Dimension &#8902; Lightflow Academy by Cecilia Sifontes\" \/>\n<meta property=\"og:description\" content=\"Was ist eigentlich der Sinn unseres Lebens? Und wie passt das zu der Vision, die h\u00f6here Wesen wie unsere Seelen und F\u00fchrer f\u00fcr uns haben?\" \/>\n<meta property=\"og:url\" content=\"https:\/\/lightflow.info\/de\/das-leben-in-der-5-dimension\/\" \/>\n<meta property=\"og:site_name\" content=\"Lightflow Academy by Cecilia Sifontes\" \/>\n<meta property=\"article:published_time\" content=\"2025-12-05T11:50:53+00:00\" \/>\n<meta property=\"article:modified_time\" content=\"2026-02-04T17:04:18+00:00\" \/>\n<meta property=\"og:image\" content=\"https:\/\/lightflow.info\/wp-content\/uploads\/banner-life-5th-dimension.webp\" \/>\n\t<meta property=\"og:image:width\" content=\"1300\" \/>\n\t<meta property=\"og:image:height\" content=\"500\" \/>\n\t<meta property=\"og:image:type\" content=\"image\/webp\" \/>\n<meta name=\"author\" content=\"anita\" \/>\n<meta name=\"twitter:card\" content=\"summary_large_image\" \/>\n<meta name=\"twitter:label1\" content=\"Verfasst von\" \/>\n\t<meta name=\"twitter:data1\" content=\"anita\" \/>\n\t<meta name=\"twitter:label2\" content=\"Gesch\u00e4tzte Lesezeit\" \/>\n\t<meta name=\"twitter:data2\" content=\"2\u00a0Minuten\" \/>\n<script type=\"application\/ld+json\" class=\"yoast-schema-graph\">{\"@context\":\"https:\\\/\\\/schema.org\",\"@graph\":[{\"@type\":\"Article\",\"@id\":\"https:\\\/\\\/lightflow.info\\\/de\\\/das-leben-in-der-5-dimension\\\/#article\",\"isPartOf\":{\"@id\":\"https:\\\/\\\/lightflow.info\\\/de\\\/das-leben-in-der-5-dimension\\\/\"},\"author\":{\"name\":\"anita\",\"@id\":\"https:\\\/\\\/lightflow.info\\\/de\\\/#\\\/schema\\\/person\\\/3daa5f9903996731687087644eb0a893\"},\"headline\":\"Das Leben in der 5. Dimension\",\"datePublished\":\"2025-12-05T11:50:53+00:00\",\"dateModified\":\"2026-02-04T17:04:18+00:00\",\"mainEntityOfPage\":{\"@id\":\"https:\\\/\\\/lightflow.info\\\/de\\\/das-leben-in-der-5-dimension\\\/\"},\"wordCount\":2280,\"commentCount\":0,\"image\":{\"@id\":\"https:\\\/\\\/lightflow.info\\\/de\\\/das-leben-in-der-5-dimension\\\/#primaryimage\"},\"thumbnailUrl\":\"https:\\\/\\\/lightflow.info\\\/wp-content\\\/uploads\\\/banner-life-5th-dimension.webp\",\"articleSection\":[\"Gechannelte Artikel\"],\"inLanguage\":\"de\"},{\"@type\":\"WebPage\",\"@id\":\"https:\\\/\\\/lightflow.info\\\/de\\\/das-leben-in-der-5-dimension\\\/\",\"url\":\"https:\\\/\\\/lightflow.info\\\/de\\\/das-leben-in-der-5-dimension\\\/\",\"name\":\"Das Leben in der 5. Dimension &#8902; Lightflow Academy by Cecilia Sifontes\",\"isPartOf\":{\"@id\":\"https:\\\/\\\/lightflow.info\\\/de\\\/#website\"},\"primaryImageOfPage\":{\"@id\":\"https:\\\/\\\/lightflow.info\\\/de\\\/das-leben-in-der-5-dimension\\\/#primaryimage\"},\"image\":{\"@id\":\"https:\\\/\\\/lightflow.info\\\/de\\\/das-leben-in-der-5-dimension\\\/#primaryimage\"},\"thumbnailUrl\":\"https:\\\/\\\/lightflow.info\\\/wp-content\\\/uploads\\\/banner-life-5th-dimension.webp\",\"datePublished\":\"2025-12-05T11:50:53+00:00\",\"dateModified\":\"2026-02-04T17:04:18+00:00\",\"author\":{\"@id\":\"https:\\\/\\\/lightflow.info\\\/de\\\/#\\\/schema\\\/person\\\/3daa5f9903996731687087644eb0a893\"},\"breadcrumb\":{\"@id\":\"https:\\\/\\\/lightflow.info\\\/de\\\/das-leben-in-der-5-dimension\\\/#breadcrumb\"},\"inLanguage\":\"de\",\"potentialAction\":[{\"@type\":\"ReadAction\",\"target\":[\"https:\\\/\\\/lightflow.info\\\/de\\\/das-leben-in-der-5-dimension\\\/\"]}]},{\"@type\":\"ImageObject\",\"inLanguage\":\"de\",\"@id\":\"https:\\\/\\\/lightflow.info\\\/de\\\/das-leben-in-der-5-dimension\\\/#primaryimage\",\"url\":\"https:\\\/\\\/lightflow.info\\\/wp-content\\\/uploads\\\/banner-life-5th-dimension.webp\",\"contentUrl\":\"https:\\\/\\\/lightflow.info\\\/wp-content\\\/uploads\\\/banner-life-5th-dimension.webp\",\"width\":1300,\"height\":500},{\"@type\":\"BreadcrumbList\",\"@id\":\"https:\\\/\\\/lightflow.info\\\/de\\\/das-leben-in-der-5-dimension\\\/#breadcrumb\",\"itemListElement\":[{\"@type\":\"ListItem\",\"position\":1,\"name\":\"Home\",\"item\":\"https:\\\/\\\/lightflow.info\\\/de\\\/\"},{\"@type\":\"ListItem\",\"position\":2,\"name\":\"Das Leben in der 5. Dimension\"}]},{\"@type\":\"WebSite\",\"@id\":\"https:\\\/\\\/lightflow.info\\\/de\\\/#website\",\"url\":\"https:\\\/\\\/lightflow.info\\\/de\\\/\",\"name\":\"Lightflow Academy by Cecilia Sifontes\",\"description\":\"Awakening Lightworkers and Masters\",\"alternateName\":\"Lightflow\",\"potentialAction\":[{\"@type\":\"SearchAction\",\"target\":{\"@type\":\"EntryPoint\",\"urlTemplate\":\"https:\\\/\\\/lightflow.info\\\/de\\\/?s={search_term_string}\"},\"query-input\":{\"@type\":\"PropertyValueSpecification\",\"valueRequired\":true,\"valueName\":\"search_term_string\"}}],\"inLanguage\":\"de\"},{\"@type\":\"Person\",\"@id\":\"https:\\\/\\\/lightflow.info\\\/de\\\/#\\\/schema\\\/person\\\/3daa5f9903996731687087644eb0a893\",\"name\":\"anita\",\"image\":{\"@type\":\"ImageObject\",\"inLanguage\":\"de\",\"@id\":\"https:\\\/\\\/secure.gravatar.com\\\/avatar\\\/687cb508949131cfc4692d021a80e1c329ddbdeab315756c37a1451a7308037a?s=96&d=mm&r=g\",\"url\":\"https:\\\/\\\/secure.gravatar.com\\\/avatar\\\/687cb508949131cfc4692d021a80e1c329ddbdeab315756c37a1451a7308037a?s=96&d=mm&r=g\",\"contentUrl\":\"https:\\\/\\\/secure.gravatar.com\\\/avatar\\\/687cb508949131cfc4692d021a80e1c329ddbdeab315756c37a1451a7308037a?s=96&d=mm&r=g\",\"caption\":\"anita\"},\"sameAs\":[\"https:\\\/\\\/lightflow.info\"],\"url\":\"https:\\\/\\\/lightflow.info\\\/de\\\/author\\\/anita\\\/\"}]}<\/script>\n<!-- \/ Yoast SEO plugin. -->","yoast_head_json":{"title":"Das Leben in der 5. Dimension &#8902; Lightflow Academy by Cecilia Sifontes","robots":{"index":"index","follow":"follow","max-snippet":"max-snippet:-1","max-image-preview":"max-image-preview:large","max-video-preview":"max-video-preview:-1"},"canonical":"https:\/\/lightflow.info\/de\/das-leben-in-der-5-dimension\/","og_locale":"de_DE","og_type":"article","og_title":"Das Leben in der 5. Dimension &#8902; Lightflow Academy by Cecilia Sifontes","og_description":"Was ist eigentlich der Sinn unseres Lebens? Und wie passt das zu der Vision, die h\u00f6here Wesen wie unsere Seelen und F\u00fchrer f\u00fcr uns haben?","og_url":"https:\/\/lightflow.info\/de\/das-leben-in-der-5-dimension\/","og_site_name":"Lightflow Academy by Cecilia Sifontes","article_published_time":"2025-12-05T11:50:53+00:00","article_modified_time":"2026-02-04T17:04:18+00:00","og_image":[{"width":1300,"height":500,"url":"https:\/\/lightflow.info\/wp-content\/uploads\/banner-life-5th-dimension.webp","type":"image\/webp"}],"author":"anita","twitter_card":"summary_large_image","twitter_misc":{"Verfasst von":"anita","Gesch\u00e4tzte Lesezeit":"2\u00a0Minuten"},"schema":{"@context":"https:\/\/schema.org","@graph":[{"@type":"Article","@id":"https:\/\/lightflow.info\/de\/das-leben-in-der-5-dimension\/#article","isPartOf":{"@id":"https:\/\/lightflow.info\/de\/das-leben-in-der-5-dimension\/"},"author":{"name":"anita","@id":"https:\/\/lightflow.info\/de\/#\/schema\/person\/3daa5f9903996731687087644eb0a893"},"headline":"Das Leben in der 5. Dimension","datePublished":"2025-12-05T11:50:53+00:00","dateModified":"2026-02-04T17:04:18+00:00","mainEntityOfPage":{"@id":"https:\/\/lightflow.info\/de\/das-leben-in-der-5-dimension\/"},"wordCount":2280,"commentCount":0,"image":{"@id":"https:\/\/lightflow.info\/de\/das-leben-in-der-5-dimension\/#primaryimage"},"thumbnailUrl":"https:\/\/lightflow.info\/wp-content\/uploads\/banner-life-5th-dimension.webp","articleSection":["Gechannelte Artikel"],"inLanguage":"de"},{"@type":"WebPage","@id":"https:\/\/lightflow.info\/de\/das-leben-in-der-5-dimension\/","url":"https:\/\/lightflow.info\/de\/das-leben-in-der-5-dimension\/","name":"Das Leben in der 5. Dimension &#8902; Lightflow Academy by Cecilia Sifontes","isPartOf":{"@id":"https:\/\/lightflow.info\/de\/#website"},"primaryImageOfPage":{"@id":"https:\/\/lightflow.info\/de\/das-leben-in-der-5-dimension\/#primaryimage"},"image":{"@id":"https:\/\/lightflow.info\/de\/das-leben-in-der-5-dimension\/#primaryimage"},"thumbnailUrl":"https:\/\/lightflow.info\/wp-content\/uploads\/banner-life-5th-dimension.webp","datePublished":"2025-12-05T11:50:53+00:00","dateModified":"2026-02-04T17:04:18+00:00","author":{"@id":"https:\/\/lightflow.info\/de\/#\/schema\/person\/3daa5f9903996731687087644eb0a893"},"breadcrumb":{"@id":"https:\/\/lightflow.info\/de\/das-leben-in-der-5-dimension\/#breadcrumb"},"inLanguage":"de","potentialAction":[{"@type":"ReadAction","target":["https:\/\/lightflow.info\/de\/das-leben-in-der-5-dimension\/"]}]},{"@type":"ImageObject","inLanguage":"de","@id":"https:\/\/lightflow.info\/de\/das-leben-in-der-5-dimension\/#primaryimage","url":"https:\/\/lightflow.info\/wp-content\/uploads\/banner-life-5th-dimension.webp","contentUrl":"https:\/\/lightflow.info\/wp-content\/uploads\/banner-life-5th-dimension.webp","width":1300,"height":500},{"@type":"BreadcrumbList","@id":"https:\/\/lightflow.info\/de\/das-leben-in-der-5-dimension\/#breadcrumb","itemListElement":[{"@type":"ListItem","position":1,"name":"Home","item":"https:\/\/lightflow.info\/de\/"},{"@type":"ListItem","position":2,"name":"Das Leben in der 5. Dimension"}]},{"@type":"WebSite","@id":"https:\/\/lightflow.info\/de\/#website","url":"https:\/\/lightflow.info\/de\/","name":"Lightflow Academy by Cecilia Sifontes","description":"Awakening Lightworkers and Masters","alternateName":"Lightflow","potentialAction":[{"@type":"SearchAction","target":{"@type":"EntryPoint","urlTemplate":"https:\/\/lightflow.info\/de\/?s={search_term_string}"},"query-input":{"@type":"PropertyValueSpecification","valueRequired":true,"valueName":"search_term_string"}}],"inLanguage":"de"},{"@type":"Person","@id":"https:\/\/lightflow.info\/de\/#\/schema\/person\/3daa5f9903996731687087644eb0a893","name":"anita","image":{"@type":"ImageObject","inLanguage":"de","@id":"https:\/\/secure.gravatar.com\/avatar\/687cb508949131cfc4692d021a80e1c329ddbdeab315756c37a1451a7308037a?s=96&d=mm&r=g","url":"https:\/\/secure.gravatar.com\/avatar\/687cb508949131cfc4692d021a80e1c329ddbdeab315756c37a1451a7308037a?s=96&d=mm&r=g","contentUrl":"https:\/\/secure.gravatar.com\/avatar\/687cb508949131cfc4692d021a80e1c329ddbdeab315756c37a1451a7308037a?s=96&d=mm&r=g","caption":"anita"},"sameAs":["https:\/\/lightflow.info"],"url":"https:\/\/lightflow.info\/de\/author\/anita\/"}]}},"_links":{"self":[{"href":"https:\/\/lightflow.info\/de\/wp-json\/wp\/v2\/posts\/37293","targetHints":{"allow":["GET"]}}],"collection":[{"href":"https:\/\/lightflow.info\/de\/wp-json\/wp\/v2\/posts"}],"about":[{"href":"https:\/\/lightflow.info\/de\/wp-json\/wp\/v2\/types\/post"}],"author":[{"embeddable":true,"href":"https:\/\/lightflow.info\/de\/wp-json\/wp\/v2\/users\/1"}],"replies":[{"embeddable":true,"href":"https:\/\/lightflow.info\/de\/wp-json\/wp\/v2\/comments?post=37293"}],"version-history":[{"count":0,"href":"https:\/\/lightflow.info\/de\/wp-json\/wp\/v2\/posts\/37293\/revisions"}],"wp:featuredmedia":[{"embeddable":true,"href":"https:\/\/lightflow.info\/de\/wp-json\/wp\/v2\/media\/35448"}],"wp:attachment":[{"href":"https:\/\/lightflow.info\/de\/wp-json\/wp\/v2\/media?parent=37293"}],"wp:term":[{"taxonomy":"category","embeddable":true,"href":"https:\/\/lightflow.info\/de\/wp-json\/wp\/v2\/categories?post=37293"},{"taxonomy":"post_tag","embeddable":true,"href":"https:\/\/lightflow.info\/de\/wp-json\/wp\/v2\/tags?post=37293"}],"curies":[{"name":"wp","href":"https:\/\/api.w.org\/{rel}","templated":true}]}}